{"id":3480,"date":"2019-06-05T17:57:18","date_gmt":"2019-06-05T16:57:18","guid":{"rendered":"https:\/\/www.sanalala.es\/?p=3480"},"modified":"2023-12-08T20:30:00","modified_gmt":"2023-12-08T19:30:00","slug":"sol-enfermedad-inflamatoria-intestinal","status":"publish","type":"post","link":"https:\/\/www.sanalala.es\/en\/sol-enfermedad-inflamatoria-intestinal\/","title":{"rendered":"El sol reduce la enfermedad inflamatoria intestinal infantil"},"content":{"rendered":"<div id=\"ez-toc-container\" class=\"ez-toc-v2_0_80 counter-hierarchy ez-toc-counter ez-toc-grey ez-toc-container-direction\">\n<p class=\"ez-toc-title\" style=\"cursor:inherit\">**Index**<\/p>\n<label for=\"ez-toc-cssicon-toggle-item-69f5d534a5b29\" class=\"ez-toc-cssicon-toggle-label\"><span class=\"\"><span class=\"eztoc-hide\" style=\"display:none;\">Toggle<\/span><span class=\"ez-toc-icon-toggle-span\"><svg style=\"fill: #999;color:#999\" xmlns=\"http:\/\/www.w3.org\/2000\/svg\" class=\"list-377408\" width=\"20px\" height=\"20px\" viewbox=\"0 0 24 24\" fill=\"none\"><path d=\"M6 6H4v2h2V6zm14 0H8v2h12V6zM4 11h2v2H4v-2zm16 0H8v2h12v-2zM4 16h2v2H4v-2zm16 0H8v2h12v-2z\" fill=\"currentColor\"><\/path><\/svg><svg style=\"fill: #999;color:#999\" class=\"arrow-unsorted-368013\" xmlns=\"http:\/\/www.w3.org\/2000\/svg\" width=\"10px\" height=\"10px\" viewbox=\"0 0 24 24\" version=\"1.2\" baseprofile=\"tiny\"><path d=\"M18.2 9.3l-6.2-6.3-6.2 6.3c-.2.2-.3.4-.3.7s.1.5.3.7c.2.2.4.3.7.3h11c.3 0 .5-.1.7-.3.2-.2.3-.5.3-.7s-.1-.5-.3-.7zM5.8 14.7l6.2 6.3 6.2-6.3c.2-.2.3-.5.3-.7s-.1-.5-.3-.7c-.2-.2-.4-.3-.7-.3h-11c-.3 0-.5.1-.7.3-.2.2-.3.5-.3.7s.1.5.3.7z\"\/><\/svg><\/span><\/span><\/label><input type=\"checkbox\"  id=\"ez-toc-cssicon-toggle-item-69f5d534a5b29\" checked aria-label=\"Toggle\" \/><nav><ul class='ez-toc-list ez-toc-list-level-1' ><li class='ez-toc-page-1 ez-toc-heading-level-2'><a class=\"ez-toc-link ez-toc-heading-1\" href=\"https:\/\/www.sanalala.es\/en\/sol-enfermedad-inflamatoria-intestinal\/#Enfermedad_inflamatoria_intestinal_causas\" >Enfermedad inflamatoria intestinal: causas<\/a><ul class='ez-toc-list-level-3' ><li class='ez-toc-heading-level-3'><a class=\"ez-toc-link ez-toc-heading-2\" href=\"https:\/\/www.sanalala.es\/en\/sol-enfermedad-inflamatoria-intestinal\/#Factores_ambientales_de_la_EII\" >Factores ambientales de la EII<\/a><\/li><li class='ez-toc-page-1 ez-toc-heading-level-3'><a class=\"ez-toc-link ez-toc-heading-3\" href=\"https:\/\/www.sanalala.es\/en\/sol-enfermedad-inflamatoria-intestinal\/#Diferentes_tipos_de_EII\" >Diferentes tipos de EII<\/a><\/li><\/ul><\/li><li class='ez-toc-page-1 ez-toc-heading-level-2'><a class=\"ez-toc-link ez-toc-heading-4\" href=\"https:\/\/www.sanalala.es\/en\/sol-enfermedad-inflamatoria-intestinal\/#Exposicion_al_sol_y_enfermedad_inflamatoria_intestinal_infantil\" >Exposici\u00f3n al sol y enfermedad inflamatoria intestinal infantil<\/a><ul class='ez-toc-list-level-3' ><li class='ez-toc-heading-level-3'><a class=\"ez-toc-link ez-toc-heading-5\" href=\"https:\/\/www.sanalala.es\/en\/sol-enfermedad-inflamatoria-intestinal\/#Estudio_de_casos_y_controles_sobre_exposicion_al_sol_y_enfermedad_inflamatoria_intestinal_infantil\" >Estudio de casos y controles sobre exposici\u00f3n al sol y enfermedad inflamatoria intestinal infantil<\/a><ul class='ez-toc-list-level-4' ><li class='ez-toc-heading-level-4'><a class=\"ez-toc-link ez-toc-heading-6\" href=\"https:\/\/www.sanalala.es\/en\/sol-enfermedad-inflamatoria-intestinal\/#Resultados_del_estudio\" >Resultados del estudio<\/a><\/li><li class='ez-toc-page-1 ez-toc-heading-level-4'><a class=\"ez-toc-link ez-toc-heading-7\" href=\"https:\/\/www.sanalala.es\/en\/sol-enfermedad-inflamatoria-intestinal\/#Conclusion\" >Conclusi\u00f3n<\/a><\/li><\/ul><\/li><\/ul><\/li><\/ul><\/nav><\/div>\n<div class=\"powerpress_player\" id=\"powerpress_player_1489\"><audio class=\"wp-audio-shortcode\" id=\"audio-3480-1\" preload=\"none\" style=\"width: 100%;\" controls=\"controls\"><source type=\"audio\/mpeg\" src=\"https:\/\/www.sanalala.es\/wp-content\/uploads\/Enfermedad-inflamatoria-intestinal-y-sol.mp3?_=1\" \/><a href=\"https:\/\/www.sanalala.es\/wp-content\/uploads\/Enfermedad-inflamatoria-intestinal-y-sol.mp3\">https:\/\/www.sanalala.es\/wp-content\/uploads\/Enfermedad-inflamatoria-intestinal-y-sol.mp3<\/a><\/audio><\/div><p class=\"powerpress_links powerpress_links_mp3\" style=\"margin-bottom: 1px !important;\">Podcast: <a href=\"https:\/\/www.sanalala.es\/wp-content\/uploads\/Enfermedad-inflamatoria-intestinal-y-sol.mp3\" class=\"powerpress_link_pinw\" target=\"_blank\" title=\"Play in new window\" onclick=\"return powerpress_pinw('https:\/\/www.sanalala.es\/en\/?powerpress_pinw=3480-podcast');\" rel=\"nofollow\">Play in new window<\/a> | <a href=\"https:\/\/www.sanalala.es\/wp-content\/uploads\/Enfermedad-inflamatoria-intestinal-y-sol.mp3\" class=\"powerpress_link_d\" title=\"Download\" rel=\"nofollow\" download=\"Enfermedad-inflamatoria-intestinal-y-sol.mp3\">Download<\/a><\/p><p class=\"powerpress_links powerpress_subscribe_links\">Subscribe: <a href=\"https:\/\/www.sanalala.es\/en\/feed\/podcast\/\" class=\"powerpress_link_subscribe powerpress_link_subscribe_rss\" target=\"_blank\" title=\"Subscribe via RSS\" rel=\"nofollow\">RSS<\/a><\/p>\n<p>Un reciente estudio llevado a cabo en Australia relaciona una mayor exposici\u00f3n al sol con un menor riesgo infantil de padecer enfermedad inflamatoria intestinal. Dentro de esta podemos englobar patolog\u00edas como la enfermedad de Crohn, la colitis ulcerosa y el colon irritable.<\/p>\n\n\n\n<h2 class=\"wp-block-heading\"><span class=\"ez-toc-section\" id=\"Enfermedad_inflamatoria_intestinal_causas\"><\/span>Enfermedad inflamatoria intestinal: causas<span class=\"ez-toc-section-end\"><\/span><\/h2>\n\n\n\n<p>La enfermedad inflamatoria intestinal (EII) es una patolog\u00eda creciente de causa desconocida cuya incidencia contin\u00faa creciendo en todo el mundo.  Sin embargo, la EII no es muy frecuente en ni\u00f1os. Solo entre el 15 y el 25 % de los casos son diagnosticados antes de los 20 a\u00f1os de edad. <\/p>\n\n\n\n<p>Algunas hip\u00f3tesis apuntan a que los cambios en los h\u00e1bitos de vida pueden jugar un papel importante en la aparici\u00f3n de este tipo de enfermedades. <\/p>\n\n\n\n<p>En este sentido, adem\u00e1s de los factores gen\u00e9ticos, en el riesgo de la EII pedi\u00e1trica est\u00e1n implicados factores ambientales, relacionados con cambios en la <strong><a href=\"https:\/\/www.sanalala.es\/en\/como-influye-la-flora-intestinal-en-la-salud\/\">flora intestinal<\/a><\/strong> y del <strong><a href=\"https:\/\/www.sanalala.es\/en\/como-funciona-sistema-inmunitario-enfermedades\/\">sistema inmunitario<\/a><\/strong>.<\/p>\n\n\n\n<h3 class=\"wp-block-heading\"><span class=\"ez-toc-section\" id=\"Factores_ambientales_de_la_EII\"><\/span>Factores ambientales de la EII<span class=\"ez-toc-section-end\"><\/span><\/h3>\n\n\n\n<p>Algunos factores ambientales que aumentan el riesgo de EII\nincluyen:<\/p>\n\n\n\n<ul class=\"wp-block-list\"><li>Residir en una latitud elevada (m\u00e1s riesgo cuanto m\u00e1s al norte).<\/li><li>Vivir en un entorno urbano. <\/li><li>Tener un estatus socio-econ\u00f3mico elevado.<\/li><li>Presentar un exceso de limpieza o falta de exposici\u00f3n a microorganismos ent\u00e9ricos no patol\u00f3gicos durante la infancia.<\/li><li>La exposici\u00f3n al humo del tabaco. <\/li><\/ul>\n\n\n\n<h3 class=\"wp-block-heading\"><span class=\"ez-toc-section\" id=\"Diferentes_tipos_de_EII\"><\/span>Diferentes tipos de EII<span class=\"ez-toc-section-end\"><\/span><\/h3>\n\n\n\n<p>Los dos principales tipos de EII, la <strong><a href=\"https:\/\/www.sanalala.es\/en\/enfermedad-crohn-sintomas-dieta-tratamiento\/\">enfermedad de Crohn<\/a><\/strong> y la <strong><a href=\"https:\/\/www.sanalala.es\/en\/colitis-ulcerosa-la-enfermedad-inflamatoria-intestinal-mas-comun\/\">colitis ulcerosa<\/a><\/strong>, presentan diferentes caracter\u00edsticas cl\u00ednicas y, posiblemente, diferentes causas. <\/p>\n\n\n\n<p>En Espa\u00f1a, se calcula que unas 60.000 personas padecen colitis ulcerosa y unas 40.000 tienen enfermedad de Crohn. <\/p>\n\n\n\n<p>La incidencia de la enfermedad de Crohn pedi\u00e1trica aumenta conforme nos alejamos del ecuador, al menos en el hemisferio norte. Esto se asocia directamente con un mayor n\u00famero de meses en los que la radiaci\u00f3n ultravioleta del sol no supera determinado umbral (en concreto 1.488 kJ por metro cuadrado).<\/p>\n\n\n\n<h2 class=\"wp-block-heading\"><span class=\"ez-toc-section\" id=\"Exposicion_al_sol_y_enfermedad_inflamatoria_intestinal_infantil\"><\/span>Exposici\u00f3n al sol y enfermedad inflamatoria intestinal infantil<span class=\"ez-toc-section-end\"><\/span><\/h2>\n\n\n\n<p>Los hallazgos de diversos estudios sugieren la existencia de una relaci\u00f3n entre la incidencia de la EII infantil y la exposici\u00f3n a la radiaci\u00f3n ultravioleta o a alg\u00fan factor asociado como podr\u00eda ser el nivel de <strong><a href=\"https:\/\/www.sanalala.es\/en\/vitamina-d-alimentos-sol-y-mitos\/\">vitamina D<\/a><\/strong>. Hasta la fecha, no exist\u00edan estudios que investigasen a nivel individual si una mayor exposici\u00f3n al sol se asociaba con un riesgo reducido de EII.<\/p>\n\n\n\n<h3 class=\"wp-block-heading\"><span class=\"ez-toc-section\" id=\"Estudio_de_casos_y_controles_sobre_exposicion_al_sol_y_enfermedad_inflamatoria_intestinal_infantil\"><\/span>Estudio de casos y controles sobre exposici\u00f3n al sol y enfermedad inflamatoria intestinal infantil<span class=\"ez-toc-section-end\"><\/span><\/h3>\n\n\n\n<p>En el estudio, llevado a cabo por diversos centros de investigaci\u00f3n australianos y publicado recientemente en la revista <em><a href=\"https:\/\/insights.ovid.com\/crossref?an=00005176-900000000-96451\">Journal of Pediatric Gastroenterology and Nutrition<\/a><\/em>, se investig\u00f3 la exposici\u00f3n al sol a nivel individual y el riesgo de iniciar EII en ni\u00f1os hasta los 18 a\u00f1os de edad que viv\u00edan en la ciudad de Melbourne, Australia.<\/p>\n\n\n\n<p>Para ello, se reclutaron 99 ni\u00f1os de 0 a 17 a\u00f1os\ndiagnosticados de EII por medio de criterios cl\u00ednicos, histol\u00f3gicos y\nradiol\u00f3gicos. <\/p>\n\n\n\n<p>Los integrantes del grupo control, 396 en total, ten\u00edan igualmente de 0 a 17 a\u00f1os y hab\u00edan nacido en el estado de Victoria, Australia. Estos no presentaban diagn\u00f3stico de EII ni ninguna enfermedad relacionada. Tampoco ten\u00edan ning\u00fan antecedente familiar de la enfermedad. <\/p>\n\n\n\n<p>La exposici\u00f3n al sol se midi\u00f3 con diversos cuestionarios, teniendo en cuenta la estaci\u00f3n del a\u00f1o, los fines de semana y vacaciones en las diferentes etapas de edad (de 0-2 a\u00f1os; 3-5 a\u00f1os; 6-10 a\u00f1os; 11-15 a\u00f1os) y el tiempo de exposici\u00f3n al sol en el \u00faltimo verano e invierno.<\/p>\n\n\n\n<h4 class=\"wp-block-heading\"><span class=\"ez-toc-section\" id=\"Resultados_del_estudio\"><\/span>Resultados del estudio<span class=\"ez-toc-section-end\"><\/span><\/h4>\n\n\n\n<p>Los resultados del estudio mostraron que la enfermedad de\nCrohn fue la EII m\u00e1s diagnosticada en el grupo de casos (63,9 %). <\/p>\n\n\n\n<p><strong>En el estudio se observ\u00f3 que un ligero incremento en la exposici\u00f3n al sol durante los fines de semana y las vacaciones en verano o invierno (10 minutos extra) se asociaba con una reducci\u00f3n del 6 % en el riesgo de padecer una enfermedad inflamatoria intestinal.<\/strong><\/p>\n\n\n\n<p>La asociaci\u00f3n mostr\u00f3 una relaci\u00f3n lineal. Adem\u00e1s, se observ\u00f3 que conseguir un tono de piel m\u00e1s oscuro despu\u00e9s de 2 semanas de vacaciones, se relacionaba con un menor riesgo de EII. La asociaci\u00f3n se hac\u00eda m\u00e1s s\u00f3lida con el aumento de la edad, reflejando un posible efecto acumulativo. <\/p>\n\n\n\n<p>Estos resultados apoyan la idea de un efecto protector de la exposici\u00f3n al sol en el desarrollo de la EII infantil. Adem\u00e1s, los resultados son consistentes con los estudios ecol\u00f3gicos previos, pero no muestran las posibles causas. <\/p>\n\n\n\n<p>En este sentido, la modulaci\u00f3n inmunitaria que reducir\u00eda el riesgo de EII podr\u00eda ocurrir por medio de la mejora de los niveles de vitamina D inducida por la exposici\u00f3n al sol. Sin embargo, tambi\u00e9n podr\u00eda tener lugar a trav\u00e9s de otras modificaciones tras la exposici\u00f3n de la piel a los rayos UV. <\/p>\n\n\n\n<p>En cualquier caso, no est\u00e1 claro si la deficiencia de\nvitamina D puede ser la causa o una consecuencia de la enfermedad y los\nresultados dispares de los estudios con suplementos de vitamina D no han resuelto\nla cuesti\u00f3n. <\/p>\n\n\n\n<h4 class=\"wp-block-heading\"><span class=\"ez-toc-section\" id=\"Conclusion\"><\/span>Conclusi\u00f3n<span class=\"ez-toc-section-end\"><\/span><\/h4>\n\n\n\n<p>El estudio que se analiza se suma a la creciente evidencia sobre que una mayor exposici\u00f3n al sol (o a la vitamina D) se asocia con un riesgo reducido de algunas enfermedades autoinmunes. En cualquier caso, tampoco se debe olvidar el riesgo aumentado de algunos tipos de c\u00e1ncer de piel, como el <strong><a href=\"https:\/\/www.sanalala.es\/en\/melanoma-cancer-de-piel\/\">melanoma<\/a><\/strong>, tras la exposici\u00f3n al sol.<\/p>\n\n\n\n<p>En conclusi\u00f3n, puede que los cambios en el comportamiento de los ni\u00f1os con respecto a su relaci\u00f3n con el entorno (menos juego en la calle, menos exposici\u00f3n al sol y m\u00e1s permanencia en lugares cerrados) podr\u00eda estar relacionado con las causas del incremento de algunas enfermedades, como es el caso de la enfermedad inflamatoria intestinal.<\/p>","protected":false},"excerpt":{"rendered":"<div class=\"powerpress_player\" id=\"powerpress_player_1491\"><audio class=\"wp-audio-shortcode\" id=\"audio-3480-3\" preload=\"none\" style=\"width: 100%;\" controls=\"controls\"><source type=\"audio\/mpeg\" src=\"https:\/\/www.sanalala.es\/wp-content\/uploads\/Enfermedad-inflamatoria-intestinal-y-sol.mp3?_=3\" \/><a href=\"https:\/\/www.sanalala.es\/wp-content\/uploads\/Enfermedad-inflamatoria-intestinal-y-sol.mp3\">https:\/\/www.sanalala.es\/wp-content\/uploads\/Enfermedad-inflamatoria-intestinal-y-sol.mp3<\/a><\/audio><\/div><p class=\"powerpress_links powerpress_links_mp3\" style=\"margin-bottom: 1px !important;\">Podcast: <a href=\"https:\/\/www.sanalala.es\/wp-content\/uploads\/Enfermedad-inflamatoria-intestinal-y-sol.mp3\" class=\"powerpress_link_pinw\" target=\"_blank\" title=\"Play in new window\" onclick=\"return powerpress_pinw('https:\/\/www.sanalala.es\/en\/?powerpress_pinw=3480-podcast');\" rel=\"nofollow\">Play in new window<\/a> | <a href=\"https:\/\/www.sanalala.es\/wp-content\/uploads\/Enfermedad-inflamatoria-intestinal-y-sol.mp3\" class=\"powerpress_link_d\" title=\"Download\" rel=\"nofollow\" download=\"Enfermedad-inflamatoria-intestinal-y-sol.mp3\">Download<\/a><\/p><p class=\"powerpress_links powerpress_subscribe_links\">Subscribe: <a href=\"https:\/\/www.sanalala.es\/en\/feed\/podcast\/\" class=\"powerpress_link_subscribe powerpress_link_subscribe_rss\" target=\"_blank\" title=\"Subscribe via RSS\" rel=\"nofollow\">RSS<\/a><\/p><p>Una mayor exposici\u00f3n al sol se relaciona con un menor riesgo de enfermedad inflamatoria intestinal infantil seg\u00fan un nuevo estudio.<\/p>","protected":false},"author":2,"featured_media":0,"comment_status":"open","ping_status":"open","sticky":false,"template":"","format":"standard","meta":{"footnotes":""},"categories":[11,311],"tags":[332,205,579,67,319,361,519],"class_list":["post-3480","post","type-post","status-publish","format-standard","hentry","category-noticias-de-salud","category-podcast","tag-colitis-ulcerosa","tag-contenidos-de-salud","tag-enfermedad-de-crohn","tag-enfermedad-inflamatoria-intestinal","tag-flora-intestinal","tag-podcast-de-salud","tag-rayos-uv"],"yoast_head":"<!-- This site is optimized with the Yoast SEO plugin v26.8 - https:\/\/yoast.com\/product\/yoast-seo-wordpress\/ -->\n<title>El sol reduce la enfermedad inflamatoria intestinal infantil | Radio Sanalal\u00e1<\/title>\n<meta name=\"description\" content=\"Una mayor exposici\u00f3n al sol se relaciona con un menor riesgo de enfermedad inflamatoria intestinal infantil seg\u00fan un nuevo estudio.\" \/>\n<meta name=\"robots\" content=\"index, follow, max-snippet:-1, max-image-preview:large, max-video-preview:-1\" \/>\n<link rel=\"canonical\" href=\"https:\/\/www.sanalala.es\/en\/sol-enfermedad-inflamatoria-intestinal\/\" \/>\n<meta property=\"og:locale\" content=\"en_GB\" \/>\n<meta property=\"og:type\" content=\"article\" \/>\n<meta property=\"og:title\" content=\"El sol reduce la enfermedad inflamatoria intestinal infantil | Radio Sanalal\u00e1\" \/>\n<meta property=\"og:description\" content=\"Una mayor exposici\u00f3n al sol se relaciona con un menor riesgo de enfermedad inflamatoria intestinal infantil seg\u00fan un nuevo estudio.\" \/>\n<meta property=\"og:url\" content=\"https:\/\/www.sanalala.es\/en\/sol-enfermedad-inflamatoria-intestinal\/\" \/>\n<meta property=\"og:site_name\" content=\"Sanalal\u00e1\" \/>\n<meta property=\"article:publisher\" content=\"https:\/\/www.facebook.com\/Sanalal%c3%a1-2099847243626808\/?modal=admin_todo_tour\" \/>\n<meta property=\"article:published_time\" content=\"2019-06-05T16:57:18+00:00\" \/>\n<meta property=\"article:modified_time\" content=\"2023-12-08T19:30:00+00:00\" \/>\n<meta property=\"og:image\" content=\"https:\/\/www.sanalala.es\/wp-content\/uploads\/cropped-Sol-EII-1-1.jpg\" \/>\n\t<meta property=\"og:image:width\" content=\"1200\" \/>\n\t<meta property=\"og:image:height\" content=\"675\" \/>\n\t<meta property=\"og:image:type\" content=\"image\/jpeg\" \/>\n<meta name=\"author\" content=\"Eduard Garc\u00eda Pedregal\" \/>\n<meta name=\"twitter:card\" content=\"summary_large_image\" \/>\n<meta name=\"twitter:creator\" content=\"@Sanalala5\" \/>\n<meta name=\"twitter:site\" content=\"@Sanalala5\" \/>\n<meta name=\"twitter:label1\" content=\"Written by\" \/>\n\t<meta name=\"twitter:data1\" content=\"Eduard Garc\u00eda Pedregal\" \/>\n\t<meta name=\"twitter:label2\" content=\"Estimated reading time\" \/>\n\t<meta name=\"twitter:data2\" content=\"5 minutes\" \/>\n<script type=\"application\/ld+json\" class=\"yoast-schema-graph\">{\"@context\":\"https:\/\/schema.org\",\"@graph\":[{\"@type\":\"Article\",\"@id\":\"https:\/\/www.sanalala.es\/sol-enfermedad-inflamatoria-intestinal\/#article\",\"isPartOf\":{\"@id\":\"https:\/\/www.sanalala.es\/sol-enfermedad-inflamatoria-intestinal\/\"},\"author\":{\"name\":\"Eduard Garc\u00eda Pedregal\",\"@id\":\"https:\/\/www.sanalala.es\/#\/schema\/person\/749bd3ffcae64010fbf98b8080c18af9\"},\"headline\":\"El sol reduce la enfermedad inflamatoria intestinal infantil\",\"datePublished\":\"2019-06-05T16:57:18+00:00\",\"dateModified\":\"2023-12-08T19:30:00+00:00\",\"mainEntityOfPage\":{\"@id\":\"https:\/\/www.sanalala.es\/sol-enfermedad-inflamatoria-intestinal\/\"},\"wordCount\":999,\"commentCount\":0,\"publisher\":{\"@id\":\"https:\/\/www.sanalala.es\/#organization\"},\"keywords\":[\"Colitis ulcerosa\",\"Contenidos de salud\",\"Enfermedad de Crohn\",\"Enfermedad inflamatoria intestinal\",\"Flora intestinal\",\"Podcast de salud\",\"Rayos UV\"],\"articleSection\":[\"NOTICIAS DE SALUD\",\"Radio Sanalal\u00e1\"],\"inLanguage\":\"en-GB\",\"potentialAction\":[{\"@type\":\"CommentAction\",\"name\":\"Comment\",\"target\":[\"https:\/\/www.sanalala.es\/sol-enfermedad-inflamatoria-intestinal\/#respond\"]}]},{\"@type\":\"WebPage\",\"@id\":\"https:\/\/www.sanalala.es\/sol-enfermedad-inflamatoria-intestinal\/\",\"url\":\"https:\/\/www.sanalala.es\/sol-enfermedad-inflamatoria-intestinal\/\",\"name\":\"El sol reduce la enfermedad inflamatoria intestinal infantil | Radio Sanalal\u00e1\",\"isPartOf\":{\"@id\":\"https:\/\/www.sanalala.es\/#website\"},\"datePublished\":\"2019-06-05T16:57:18+00:00\",\"dateModified\":\"2023-12-08T19:30:00+00:00\",\"description\":\"Una mayor exposici\u00f3n al sol se relaciona con un menor riesgo de enfermedad inflamatoria intestinal infantil seg\u00fan un nuevo estudio.\",\"breadcrumb\":{\"@id\":\"https:\/\/www.sanalala.es\/sol-enfermedad-inflamatoria-intestinal\/#breadcrumb\"},\"inLanguage\":\"en-GB\",\"potentialAction\":[{\"@type\":\"ReadAction\",\"target\":[\"https:\/\/www.sanalala.es\/sol-enfermedad-inflamatoria-intestinal\/\"]}]},{\"@type\":\"BreadcrumbList\",\"@id\":\"https:\/\/www.sanalala.es\/sol-enfermedad-inflamatoria-intestinal\/#breadcrumb\",\"itemListElement\":[{\"@type\":\"ListItem\",\"position\":1,\"name\":\"Contenidos de salud\",\"item\":\"https:\/\/www.sanalala.es\/\"},{\"@type\":\"ListItem\",\"position\":2,\"name\":\"Radio Sanalal\u00e1\",\"item\":\"https:\/\/www.sanalala.es\/category\/podcast\/\"},{\"@type\":\"ListItem\",\"position\":3,\"name\":\"El sol reduce la enfermedad inflamatoria intestinal infantil\"}]},{\"@type\":\"WebSite\",\"@id\":\"https:\/\/www.sanalala.es\/#website\",\"url\":\"https:\/\/www.sanalala.es\/\",\"name\":\"Sanalal\u00e1\",\"description\":\"Contenidos con salud \",\"publisher\":{\"@id\":\"https:\/\/www.sanalala.es\/#organization\"},\"potentialAction\":[{\"@type\":\"SearchAction\",\"target\":{\"@type\":\"EntryPoint\",\"urlTemplate\":\"https:\/\/www.sanalala.es\/?s={search_term_string}\"},\"query-input\":{\"@type\":\"PropertyValueSpecification\",\"valueRequired\":true,\"valueName\":\"search_term_string\"}}],\"inLanguage\":\"en-GB\"},{\"@type\":\"Organization\",\"@id\":\"https:\/\/www.sanalala.es\/#organization\",\"name\":\"Sanalal\u00e1\",\"url\":\"https:\/\/www.sanalala.es\/\",\"logo\":{\"@type\":\"ImageObject\",\"inLanguage\":\"en-GB\",\"@id\":\"https:\/\/www.sanalala.es\/#\/schema\/logo\/image\/\",\"url\":\"https:\/\/www.sanalala.es\/wp-content\/uploads\/Logo-3D-doble.png\",\"contentUrl\":\"https:\/\/www.sanalala.es\/wp-content\/uploads\/Logo-3D-doble.png\",\"width\":1426,\"height\":750,\"caption\":\"Sanalal\u00e1\"},\"image\":{\"@id\":\"https:\/\/www.sanalala.es\/#\/schema\/logo\/image\/\"},\"sameAs\":[\"https:\/\/www.facebook.com\/Sanalal\u00e1-2099847243626808\/?modal=admin_todo_tour\",\"https:\/\/x.com\/Sanalala5\",\"https:\/\/www.pinterest.es\/sanalalasalud\/\"]},{\"@type\":\"Person\",\"@id\":\"https:\/\/www.sanalala.es\/#\/schema\/person\/749bd3ffcae64010fbf98b8080c18af9\",\"name\":\"Eduard Garc\u00eda Pedregal\",\"image\":{\"@type\":\"ImageObject\",\"inLanguage\":\"en-GB\",\"@id\":\"https:\/\/www.sanalala.es\/#\/schema\/person\/image\/\",\"url\":\"https:\/\/secure.gravatar.com\/avatar\/e7cc62d418659f3c6f77752051aeb12575c77d5bb1659c0edf2ebabb61aa8d59?s=96&d=mm&r=g\",\"contentUrl\":\"https:\/\/secure.gravatar.com\/avatar\/e7cc62d418659f3c6f77752051aeb12575c77d5bb1659c0edf2ebabb61aa8d59?s=96&d=mm&r=g\",\"caption\":\"Eduard Garc\u00eda Pedregal\"},\"description\":\"Responsable de Contenidos de Sanalal\u00e1 (Contenidos con salud). Ha dedicado la mayor parte de su carrera profesional a proyectos de Comunicaci\u00f3n y Divulgaci\u00f3n de la Salud.\",\"sameAs\":[\"https:\/\/www.linkedin.com\/in\/eduard-garca-pedregal\/\"],\"url\":\"https:\/\/www.sanalala.es\/en\/author\/eduard-garcia-pedregal\/\"}]}<\/script>\n<!-- \/ Yoast SEO plugin. -->","yoast_head_json":{"title":"El sol reduce la enfermedad inflamatoria intestinal infantil | Radio Sanalal\u00e1","description":"Una mayor exposici\u00f3n al sol se relaciona con un menor riesgo de enfermedad inflamatoria intestinal infantil seg\u00fan un nuevo estudio.","robots":{"index":"index","follow":"follow","max-snippet":"max-snippet:-1","max-image-preview":"max-image-preview:large","max-video-preview":"max-video-preview:-1"},"canonical":"https:\/\/www.sanalala.es\/en\/sol-enfermedad-inflamatoria-intestinal\/","og_locale":"en_GB","og_type":"article","og_title":"El sol reduce la enfermedad inflamatoria intestinal infantil | Radio Sanalal\u00e1","og_description":"Una mayor exposici\u00f3n al sol se relaciona con un menor riesgo de enfermedad inflamatoria intestinal infantil seg\u00fan un nuevo estudio.","og_url":"https:\/\/www.sanalala.es\/en\/sol-enfermedad-inflamatoria-intestinal\/","og_site_name":"Sanalal\u00e1","article_publisher":"https:\/\/www.facebook.com\/Sanalal%c3%a1-2099847243626808\/?modal=admin_todo_tour","article_published_time":"2019-06-05T16:57:18+00:00","article_modified_time":"2023-12-08T19:30:00+00:00","og_image":[{"width":1200,"height":675,"url":"https:\/\/www.sanalala.es\/wp-content\/uploads\/cropped-Sol-EII-1-1.jpg","type":"image\/jpeg"}],"author":"Eduard Garc\u00eda Pedregal","twitter_card":"summary_large_image","twitter_creator":"@Sanalala5","twitter_site":"@Sanalala5","twitter_misc":{"Written by":"Eduard Garc\u00eda Pedregal","Estimated reading time":"5 minutes"},"schema":{"@context":"https:\/\/schema.org","@graph":[{"@type":"Article","@id":"https:\/\/www.sanalala.es\/sol-enfermedad-inflamatoria-intestinal\/#article","isPartOf":{"@id":"https:\/\/www.sanalala.es\/sol-enfermedad-inflamatoria-intestinal\/"},"author":{"name":"Eduard Garc\u00eda Pedregal","@id":"https:\/\/www.sanalala.es\/#\/schema\/person\/749bd3ffcae64010fbf98b8080c18af9"},"headline":"El sol reduce la enfermedad inflamatoria intestinal infantil","datePublished":"2019-06-05T16:57:18+00:00","dateModified":"2023-12-08T19:30:00+00:00","mainEntityOfPage":{"@id":"https:\/\/www.sanalala.es\/sol-enfermedad-inflamatoria-intestinal\/"},"wordCount":999,"commentCount":0,"publisher":{"@id":"https:\/\/www.sanalala.es\/#organization"},"keywords":["Colitis ulcerosa","Contenidos de salud","Enfermedad de Crohn","Enfermedad inflamatoria intestinal","Flora intestinal","Podcast de salud","Rayos UV"],"articleSection":["NOTICIAS DE SALUD","Radio Sanalal\u00e1"],"inLanguage":"en-GB","potentialAction":[{"@type":"CommentAction","name":"Comment","target":["https:\/\/www.sanalala.es\/sol-enfermedad-inflamatoria-intestinal\/#respond"]}]},{"@type":"WebPage","@id":"https:\/\/www.sanalala.es\/sol-enfermedad-inflamatoria-intestinal\/","url":"https:\/\/www.sanalala.es\/sol-enfermedad-inflamatoria-intestinal\/","name":"El sol reduce la enfermedad inflamatoria intestinal infantil | Radio Sanalal\u00e1","isPartOf":{"@id":"https:\/\/www.sanalala.es\/#website"},"datePublished":"2019-06-05T16:57:18+00:00","dateModified":"2023-12-08T19:30:00+00:00","description":"Una mayor exposici\u00f3n al sol se relaciona con un menor riesgo de enfermedad inflamatoria intestinal infantil seg\u00fan un nuevo estudio.","breadcrumb":{"@id":"https:\/\/www.sanalala.es\/sol-enfermedad-inflamatoria-intestinal\/#breadcrumb"},"inLanguage":"en-GB","potentialAction":[{"@type":"ReadAction","target":["https:\/\/www.sanalala.es\/sol-enfermedad-inflamatoria-intestinal\/"]}]},{"@type":"BreadcrumbList","@id":"https:\/\/www.sanalala.es\/sol-enfermedad-inflamatoria-intestinal\/#breadcrumb","itemListElement":[{"@type":"ListItem","position":1,"name":"Contenidos de salud","item":"https:\/\/www.sanalala.es\/"},{"@type":"ListItem","position":2,"name":"Radio Sanalal\u00e1","item":"https:\/\/www.sanalala.es\/category\/podcast\/"},{"@type":"ListItem","position":3,"name":"El sol reduce la enfermedad inflamatoria intestinal infantil"}]},{"@type":"WebSite","@id":"https:\/\/www.sanalala.es\/#website","url":"https:\/\/www.sanalala.es\/","name":"Sanalala","description":"Contenidos con salud","publisher":{"@id":"https:\/\/www.sanalala.es\/#organization"},"potentialAction":[{"@type":"SearchAction","target":{"@type":"EntryPoint","urlTemplate":"https:\/\/www.sanalala.es\/?s={search_term_string}"},"query-input":{"@type":"PropertyValueSpecification","valueRequired":true,"valueName":"search_term_string"}}],"inLanguage":"en-GB"},{"@type":"Organization","@id":"https:\/\/www.sanalala.es\/#organization","name":"Sanalala","url":"https:\/\/www.sanalala.es\/","logo":{"@type":"ImageObject","inLanguage":"en-GB","@id":"https:\/\/www.sanalala.es\/#\/schema\/logo\/image\/","url":"https:\/\/www.sanalala.es\/wp-content\/uploads\/Logo-3D-doble.png","contentUrl":"https:\/\/www.sanalala.es\/wp-content\/uploads\/Logo-3D-doble.png","width":1426,"height":750,"caption":"Sanalal\u00e1"},"image":{"@id":"https:\/\/www.sanalala.es\/#\/schema\/logo\/image\/"},"sameAs":["https:\/\/www.facebook.com\/Sanalal\u00e1-2099847243626808\/?modal=admin_todo_tour","https:\/\/x.com\/Sanalala5","https:\/\/www.pinterest.es\/sanalalasalud\/"]},{"@type":"Person","@id":"https:\/\/www.sanalala.es\/#\/schema\/person\/749bd3ffcae64010fbf98b8080c18af9","name":"Eduard Garc\u00eda Pedregal","image":{"@type":"ImageObject","inLanguage":"en-GB","@id":"https:\/\/www.sanalala.es\/#\/schema\/person\/image\/","url":"https:\/\/secure.gravatar.com\/avatar\/e7cc62d418659f3c6f77752051aeb12575c77d5bb1659c0edf2ebabb61aa8d59?s=96&d=mm&r=g","contentUrl":"https:\/\/secure.gravatar.com\/avatar\/e7cc62d418659f3c6f77752051aeb12575c77d5bb1659c0edf2ebabb61aa8d59?s=96&d=mm&r=g","caption":"Eduard Garc\u00eda Pedregal"},"description":"Responsable de Contenidos de Sanalal\u00e1 (Contenidos con salud). Ha dedicado la mayor parte de su carrera profesional a proyectos de Comunicaci\u00f3n y Divulgaci\u00f3n de la Salud.","sameAs":["https:\/\/www.linkedin.com\/in\/eduard-garca-pedregal\/"],"url":"https:\/\/www.sanalala.es\/en\/author\/eduard-garcia-pedregal\/"}]}},"amp_enabled":true,"_links":{"self":[{"href":"https:\/\/www.sanalala.es\/en\/wp-json\/wp\/v2\/posts\/3480","targetHints":{"allow":["GET"]}}],"collection":[{"href":"https:\/\/www.sanalala.es\/en\/wp-json\/wp\/v2\/posts"}],"about":[{"href":"https:\/\/www.sanalala.es\/en\/wp-json\/wp\/v2\/types\/post"}],"author":[{"embeddable":true,"href":"https:\/\/www.sanalala.es\/en\/wp-json\/wp\/v2\/users\/2"}],"replies":[{"embeddable":true,"href":"https:\/\/www.sanalala.es\/en\/wp-json\/wp\/v2\/comments?post=3480"}],"version-history":[{"count":1,"href":"https:\/\/www.sanalala.es\/en\/wp-json\/wp\/v2\/posts\/3480\/revisions"}],"predecessor-version":[{"id":3913,"href":"https:\/\/www.sanalala.es\/en\/wp-json\/wp\/v2\/posts\/3480\/revisions\/3913"}],"wp:attachment":[{"href":"https:\/\/www.sanalala.es\/en\/wp-json\/wp\/v2\/media?parent=3480"}],"wp:term":[{"taxonomy":"category","embeddable":true,"href":"https:\/\/www.sanalala.es\/en\/wp-json\/wp\/v2\/categories?post=3480"},{"taxonomy":"post_tag","embeddable":true,"href":"https:\/\/www.sanalala.es\/en\/wp-json\/wp\/v2\/tags?post=3480"}],"curies":[{"name":"wp","href":"https:\/\/api.w.org\/{rel}","templated":true}]}}