{"id":1546,"date":"2018-10-24T14:52:47","date_gmt":"2018-10-24T13:52:47","guid":{"rendered":"https:\/\/www.sanalala.es\/?p=1546"},"modified":"2023-12-08T10:54:09","modified_gmt":"2023-12-08T09:54:09","slug":"flora-intestinal-y-obesidad-infantil","status":"publish","type":"post","link":"https:\/\/www.sanalala.es\/en\/flora-intestinal-y-obesidad-infantil\/","title":{"rendered":"Flora intestinal y obesidad infantil"},"content":{"rendered":"<div id=\"ez-toc-container\" class=\"ez-toc-v2_0_80 counter-hierarchy ez-toc-counter ez-toc-grey ez-toc-container-direction\">\n<p class=\"ez-toc-title\" style=\"cursor:inherit\">**Index**<\/p>\n<label for=\"ez-toc-cssicon-toggle-item-69f7378882ea5\" class=\"ez-toc-cssicon-toggle-label\"><span class=\"\"><span class=\"eztoc-hide\" style=\"display:none;\">Toggle<\/span><span class=\"ez-toc-icon-toggle-span\"><svg style=\"fill: #999;color:#999\" xmlns=\"http:\/\/www.w3.org\/2000\/svg\" class=\"list-377408\" width=\"20px\" height=\"20px\" viewbox=\"0 0 24 24\" fill=\"none\"><path d=\"M6 6H4v2h2V6zm14 0H8v2h12V6zM4 11h2v2H4v-2zm16 0H8v2h12v-2zM4 16h2v2H4v-2zm16 0H8v2h12v-2z\" fill=\"currentColor\"><\/path><\/svg><svg style=\"fill: #999;color:#999\" class=\"arrow-unsorted-368013\" xmlns=\"http:\/\/www.w3.org\/2000\/svg\" width=\"10px\" height=\"10px\" viewbox=\"0 0 24 24\" version=\"1.2\" baseprofile=\"tiny\"><path d=\"M18.2 9.3l-6.2-6.3-6.2 6.3c-.2.2-.3.4-.3.7s.1.5.3.7c.2.2.4.3.7.3h11c.3 0 .5-.1.7-.3.2-.2.3-.5.3-.7s-.1-.5-.3-.7zM5.8 14.7l6.2 6.3 6.2-6.3c.2-.2.3-.5.3-.7s-.1-.5-.3-.7c-.2-.2-.4-.3-.7-.3h-11c-.3 0-.5.1-.7.3-.2.2-.3.5-.3.7s.1.5.3.7z\"\/><\/svg><\/span><\/span><\/label><input type=\"checkbox\"  id=\"ez-toc-cssicon-toggle-item-69f7378882ea5\" checked aria-label=\"Toggle\" \/><nav><ul class='ez-toc-list ez-toc-list-level-1' ><li class='ez-toc-page-1 ez-toc-heading-level-2'><a class=\"ez-toc-link ez-toc-heading-1\" href=\"https:\/\/www.sanalala.es\/en\/flora-intestinal-y-obesidad-infantil\/#Obesidad_infantil_un_problema_de_talla_mundial\" >Obesidad infantil: un problema de talla mundial<\/a><\/li><li class='ez-toc-page-1 ez-toc-heading-level-2'><a class=\"ez-toc-link ez-toc-heading-2\" href=\"https:\/\/www.sanalala.es\/en\/flora-intestinal-y-obesidad-infantil\/#Flora_intestinal_y_obesidad_infantil\" >Flora intestinal y obesidad infantil<\/a><ul class='ez-toc-list-level-3' ><li class='ez-toc-heading-level-3'><a class=\"ez-toc-link ez-toc-heading-3\" href=\"https:\/\/www.sanalala.es\/en\/flora-intestinal-y-obesidad-infantil\/#Resultados_del_estudio\" >Resultados del estudio<\/a><\/li><li class='ez-toc-page-1 ez-toc-heading-level-3'><a class=\"ez-toc-link ez-toc-heading-4\" href=\"https:\/\/www.sanalala.es\/en\/flora-intestinal-y-obesidad-infantil\/#Conclusiones_del_estudio\" >Conclusiones del estudio<\/a><\/li><\/ul><\/li><\/ul><\/nav><\/div>\n<div class=\"powerpress_player\" id=\"powerpress_player_4457\"><audio class=\"wp-audio-shortcode\" id=\"audio-1546-1\" preload=\"none\" style=\"width: 100%;\" controls=\"controls\"><source type=\"audio\/mpeg\" src=\"https:\/\/www.sanalala.es\/wp-content\/uploads\/Flora-intestinal-y-obesidad-infantil.mp3?_=1\" \/><a href=\"https:\/\/www.sanalala.es\/wp-content\/uploads\/Flora-intestinal-y-obesidad-infantil.mp3\">https:\/\/www.sanalala.es\/wp-content\/uploads\/Flora-intestinal-y-obesidad-infantil.mp3<\/a><\/audio><\/div><p class=\"powerpress_links powerpress_links_mp3\" style=\"margin-bottom: 1px !important;\">Podcast: <a href=\"https:\/\/www.sanalala.es\/wp-content\/uploads\/Flora-intestinal-y-obesidad-infantil.mp3\" class=\"powerpress_link_pinw\" target=\"_blank\" title=\"Play in new window\" onclick=\"return powerpress_pinw('https:\/\/www.sanalala.es\/en\/?powerpress_pinw=1546-podcast');\" rel=\"nofollow\">Play in new window<\/a> | <a href=\"https:\/\/www.sanalala.es\/wp-content\/uploads\/Flora-intestinal-y-obesidad-infantil.mp3\" class=\"powerpress_link_d\" title=\"Download\" rel=\"nofollow\" download=\"Flora-intestinal-y-obesidad-infantil.mp3\">Download<\/a><\/p><p class=\"powerpress_links powerpress_subscribe_links\">Subscribe: <a href=\"https:\/\/www.sanalala.es\/en\/feed\/podcast\/\" class=\"powerpress_link_subscribe powerpress_link_subscribe_rss\" target=\"_blank\" title=\"Subscribe via RSS\" rel=\"nofollow\">RSS<\/a><\/p><p lang=\"zxx\"><b>Un reciente estudio llevado a cabo por un grupo de investigadores de varias universidades estadounidenses y noruegas establece una asociaci\u00f3n entre la composici\u00f3n de la flora intestinal y la obesidad. Esta relaci\u00f3n se establece con la flora en los primeros meses de vida y la obesidad a los 12 a\u00f1os de edad. <\/b><\/p>\n<p lang=\"zxx\">De este modo, podr\u00eda ser m\u00e1s \u00fatil analizaran nuestra <a href=\"https:\/\/www.sanalala.es\/en\/como-influye-la-flora-intestinal-en-la-salud\/\" target=\"_blank\" rel=\"noopener noreferrer\"><span style=\"color: #0000ff;\"><strong>flora intestinal<\/strong><\/span><\/a> que los inciertos <strong>an\u00e1lisis gen\u00e9ticos<\/strong> para saber si existe una probabilidad elevada de padecer obesidad en el futuro.<\/p>\n<h2 class=\"western\" lang=\"zxx\"><span class=\"ez-toc-section\" id=\"Obesidad_infantil_un_problema_de_talla_mundial\"><\/span>Obesidad infantil: un problema de talla mundial<span class=\"ez-toc-section-end\"><\/span><\/h2>\n<p lang=\"zxx\">La obesidad infantil es un problema creciente a nivel mundial. Se sabe que algunos factores gen\u00e9ticos y los h\u00e1bitos relacionados con un<strong> estilo de vida sedentario<\/strong> y una <strong>dieta deficiente<\/strong> influyen en el aumento de la obesidad infantil. Sin embargo, todav\u00eda no existe una explicaci\u00f3n completa de este fen\u00f3meno.<\/p>\n<p lang=\"zxx\">En este sentido, existen otros factores que pueden estar relacionados con la aparici\u00f3n del <b>exceso de peso<\/b>. Recientes investigaciones sugieren que la <strong>flora intestinal<\/strong> \u2013o microbiota, hablando con mayor correcci\u00f3n\u2013 puede jugar un papel importante en el desarrollo de la obesidad. Adem\u00e1s, este podr\u00eda ser uno de los mecanismos que explicasen la <strong>transmisi\u00f3n intergeneracional<\/strong> del <strong>riesgo de obesidad<\/strong>.<\/p>\n<p lang=\"zxx\">La flora intestinal de las primeras etapas de la vida es altamente din\u00e1mica y se modifica por m\u00faltiples factores. Entre ellos hay que destacar <strong>la flora intestinal materna<\/strong>, el <strong>tipo de nacimiento<\/strong> (parto vaginal o ces\u00e1rea), la <strong>duraci\u00f3n de la lactancia<\/strong> y los tratamientos con <strong>antibi\u00f3ticos<\/strong>.<\/p>\n<h2 class=\"western\" lang=\"zxx\"><span class=\"ez-toc-section\" id=\"Flora_intestinal_y_obesidad_infantil\"><\/span>Flora intestinal y obesidad infantil<span class=\"ez-toc-section-end\"><\/span><\/h2>\n<p lang=\"zxx\">En <a href=\"https:\/\/mbio.asm.org\/content\/9\/5\/e01751-18\"><span style=\"color: #0066b3;\"><u><b>un reciente estudio<\/b><\/u><\/span><\/a> publicado en la revista de la<b><em> American Society for Microbiology<\/em>, mBIO,<\/b> se estudi\u00f3 la modificaci\u00f3n de la flora intestinal durante los 2 primeros a\u00f1os de vida y su relaci\u00f3n con el \u00edndice de masa corporal (<strong>IMC<\/strong>) a los 12 a\u00f1os de edad.<\/p>\n<p lang=\"zxx\">En el estudio se examin\u00f3 la <strong>composici\u00f3n de la flora intestinal<\/strong> en 6 ocasiones diferentes. El periodo temporal fueron los dos primeros a\u00f1os de vida de un grupo de 165 reci\u00e9n nacidos noruegos. Posteriormente, se estudi\u00f3 su <strong>relaci\u00f3n con el IMC<\/strong>\u00a0a los 12 a\u00f1os de edad. Tambi\u00e9n se estudi\u00f3 la relaci\u00f3n con el sobrepeso o la <strong>obesidad de la madre<\/strong> y el aumento excesivo de peso materno durante la gestaci\u00f3n.<\/p>\n<p lang=\"zxx\">En la investigaci\u00f3n se llev\u00f3 a cabo la <strong>secuenciaci\u00f3n gen\u00e9tica<\/strong> de las muestras extra\u00eddas a partir de la flora intestinal. De este modo, se estableci\u00f3 la posible asociaci\u00f3n con el sobrepeso a los 12 a\u00f1os de edad.<\/p>\n<h3 class=\"western\" lang=\"zxx\"><span class=\"ez-toc-section\" id=\"Resultados_del_estudio\"><\/span>Resultados del estudio<span class=\"ez-toc-section-end\"><\/span><\/h3>\n<p lang=\"zxx\">A los 12 a\u00f1os de edad el 20 % (33) de los ni\u00f1os estudiados ten\u00edan\u00a0<strong>obesidad<\/strong>\u00a0o sobrepeso.<\/p>\n<p lang=\"zxx\">Las madres de los ni\u00f1os obesos tend\u00edan a presentar un menor nivel educativo y un IMC m\u00e1s alto que las madres de los ni\u00f1os no obesos. Tambi\u00e9n presentaban mayores tasas de <strong>tabaquismo<\/strong> durante la gestaci\u00f3n y per\u00edodos m\u00e1s cortos de <a href=\"https:\/\/www.sanalala.es\/en\/lactancia-materna-derecho-a-decidir-o-ley-universal\/\" target=\"_blank\" rel=\"noopener noreferrer\"><span style=\"color: #0000ff;\"><strong>lactancia materna<\/strong><\/span><\/a>.<\/p>\n<p lang=\"zxx\">La clasificaci\u00f3n taxon\u00f3mica de las especies bacterianas durante los primeros 2 a\u00f1os de vida se asoci\u00f3 con el IMC infantil. Esto pudo explicar m\u00e1s del 50 % de la variabilidad del<strong> IMC<\/strong> del grupo. Esto significa que la composici\u00f3n de la flora intestinal influy\u00f3 mucho m\u00e1s que cualquier otro factor sobre el IMC infantil. En este sentido, el resto de los <strong>predictores del IMC<\/strong> infantil juntos solo explicaron el 15,2 % en la variabilidad del IMC a los 12 a\u00f1os. Entre estos otros predictores estaban el tipo de nacimiento y la duraci\u00f3n de la <strong>lactancia materna. <\/strong>Tambi\u00e9n estaban la exposici\u00f3n a <strong>antibi\u00f3ticos<\/strong>, la presencia de hermanos gemelos, la <strong>edad gestacional<\/strong> y otros factores relacionados con la madre.<\/p>\n<p lang=\"zxx\">De igual modo, el IMC en los primeros meses de vida no se asoci\u00f3 con la presencia de sobrepeso u obesidad a los 12 a\u00f1os de edad.<\/p>\n<p lang=\"zxx\">Por otro lado, la composici\u00f3n de la flora de madres con sobrepeso y obesidad era m\u00e1s similar a la de los ni\u00f1os que luego aumentar\u00edan su IMC.<\/p>\n<h3 class=\"western\" lang=\"zxx\"><span class=\"ez-toc-section\" id=\"Conclusiones_del_estudio\"><\/span>Conclusiones del estudio<span class=\"ez-toc-section-end\"><\/span><\/h3>\n<p lang=\"zxx\">Los resultados del estudio muestran una asociaci\u00f3n entre la composici\u00f3n de la flora intestinal infantil y el IMC al final de la infancia. Ello supone una evidencia preliminar de que la flora intestinal a los 2 a\u00f1os de edad puede ayudar a identificar a los ni\u00f1os con <strong>riesgo de padecer obesidad<\/strong>.<\/p>\n<p lang=\"zxx\">Tambi\u00e9n existe cierta evidencia de que el sobrepeso o la <a href=\"https:\/\/www.sanalala.es\/en\/obesidad-causas-tratamientos\/\" target=\"_blank\" rel=\"noopener noreferrer\"><span style=\"color: #000080;\"><strong>obesidad materna<\/strong><\/span><\/a> puede influir en la composici\u00f3n de la flora del ni\u00f1o. Esto se asocia con el IMC posterior.<\/p>","protected":false},"excerpt":{"rendered":"<div class=\"powerpress_player\" id=\"powerpress_player_4459\"><audio class=\"wp-audio-shortcode\" id=\"audio-1546-3\" preload=\"none\" style=\"width: 100%;\" controls=\"controls\"><source type=\"audio\/mpeg\" src=\"https:\/\/www.sanalala.es\/wp-content\/uploads\/Flora-intestinal-y-obesidad-infantil.mp3?_=3\" \/><a href=\"https:\/\/www.sanalala.es\/wp-content\/uploads\/Flora-intestinal-y-obesidad-infantil.mp3\">https:\/\/www.sanalala.es\/wp-content\/uploads\/Flora-intestinal-y-obesidad-infantil.mp3<\/a><\/audio><\/div><p class=\"powerpress_links powerpress_links_mp3\" style=\"margin-bottom: 1px !important;\">Podcast: <a href=\"https:\/\/www.sanalala.es\/wp-content\/uploads\/Flora-intestinal-y-obesidad-infantil.mp3\" class=\"powerpress_link_pinw\" target=\"_blank\" title=\"Play in new window\" onclick=\"return powerpress_pinw('https:\/\/www.sanalala.es\/en\/?powerpress_pinw=1546-podcast');\" rel=\"nofollow\">Play in new window<\/a> | <a href=\"https:\/\/www.sanalala.es\/wp-content\/uploads\/Flora-intestinal-y-obesidad-infantil.mp3\" class=\"powerpress_link_d\" title=\"Download\" rel=\"nofollow\" download=\"Flora-intestinal-y-obesidad-infantil.mp3\">Download<\/a><\/p><p class=\"powerpress_links powerpress_subscribe_links\">Subscribe: <a href=\"https:\/\/www.sanalala.es\/en\/feed\/podcast\/\" class=\"powerpress_link_subscribe powerpress_link_subscribe_rss\" target=\"_blank\" title=\"Subscribe via RSS\" rel=\"nofollow\">RSS<\/a><\/p><p>Un nuevo estudio se\u00f1ala una relaci\u00f3n entre la composici\u00f3n de la flora intestinal y la obesidad infantil, a su vez relacionada con la flora de la madre.<\/p>","protected":false},"author":1,"featured_media":3799,"comment_status":"open","ping_status":"open","sticky":false,"template":"","format":"standard","meta":{"footnotes":""},"categories":[11,311],"tags":[205,115,319,224,169,320,296,244,321],"class_list":["post-1546","post","type-post","status-publish","format-standard","has-post-thumbnail","hentry","category-noticias-de-salud","category-podcast","tag-contenidos-de-salud","tag-estudios-de-salud","tag-flora-intestinal","tag-imc","tag-lactancia-materna","tag-microbiota","tag-obesidad","tag-obesidad-infantil","tag-podcast"],"yoast_head":"<!-- This site is optimized with the Yoast SEO plugin v26.8 - https:\/\/yoast.com\/product\/yoast-seo-wordpress\/ -->\n<title>Flora intestinal y obesidad infantil | Noticias de salud | Sanalal\u00e1<\/title>\n<meta name=\"description\" content=\"Un nuevo estudio se\u00f1ala una relaci\u00f3n entre la composici\u00f3n de la flora intestinal y la obesidad infantil, a su vez relacionada con la flora de la madre.\" \/>\n<meta name=\"robots\" content=\"index, follow, max-snippet:-1, max-image-preview:large, max-video-preview:-1\" \/>\n<link rel=\"canonical\" href=\"https:\/\/www.sanalala.es\/en\/flora-intestinal-y-obesidad-infantil\/\" \/>\n<meta property=\"og:locale\" content=\"en_GB\" \/>\n<meta property=\"og:type\" content=\"article\" \/>\n<meta property=\"og:title\" content=\"Flora intestinal y obesidad infantil | Noticias de salud | Sanalal\u00e1\" \/>\n<meta property=\"og:description\" content=\"Un nuevo estudio se\u00f1ala una relaci\u00f3n entre la composici\u00f3n de la flora intestinal y la obesidad infantil, a su vez relacionada con la flora de la madre.\" \/>\n<meta property=\"og:url\" content=\"https:\/\/www.sanalala.es\/en\/flora-intestinal-y-obesidad-infantil\/\" \/>\n<meta property=\"og:site_name\" content=\"Sanalal\u00e1\" \/>\n<meta property=\"article:publisher\" content=\"https:\/\/www.facebook.com\/Sanalal%c3%a1-2099847243626808\/?modal=admin_todo_tour\" \/>\n<meta property=\"article:published_time\" content=\"2018-10-24T13:52:47+00:00\" \/>\n<meta property=\"article:modified_time\" content=\"2023-12-08T09:54:09+00:00\" \/>\n<meta property=\"og:image\" content=\"https:\/\/www.sanalala.es\/wp-content\/uploads\/cropped-baby-1.jpg\" \/>\n\t<meta property=\"og:image:width\" content=\"1200\" \/>\n\t<meta property=\"og:image:height\" content=\"675\" \/>\n\t<meta property=\"og:image:type\" content=\"image\/jpeg\" \/>\n<meta name=\"author\" content=\"Sanalal\u00e1\" \/>\n<meta name=\"twitter:card\" content=\"summary_large_image\" \/>\n<meta name=\"twitter:creator\" content=\"@Sanalala5\" \/>\n<meta name=\"twitter:site\" content=\"@Sanalala5\" \/>\n<meta name=\"twitter:label1\" content=\"Written by\" \/>\n\t<meta name=\"twitter:data1\" content=\"Sanalal\u00e1\" \/>\n\t<meta name=\"twitter:label2\" content=\"Estimated reading time\" \/>\n\t<meta name=\"twitter:data2\" content=\"4 minutes\" \/>\n<script type=\"application\/ld+json\" class=\"yoast-schema-graph\">{\"@context\":\"https:\/\/schema.org\",\"@graph\":[{\"@type\":\"Article\",\"@id\":\"https:\/\/www.sanalala.es\/flora-intestinal-y-obesidad-infantil\/#article\",\"isPartOf\":{\"@id\":\"https:\/\/www.sanalala.es\/flora-intestinal-y-obesidad-infantil\/\"},\"author\":{\"name\":\"Sanalal\u00e1\",\"@id\":\"https:\/\/www.sanalala.es\/#\/schema\/person\/c5e46766a962a4b4435ee8ff6afe3eb4\"},\"headline\":\"Flora intestinal y obesidad infantil\",\"datePublished\":\"2018-10-24T13:52:47+00:00\",\"dateModified\":\"2023-12-08T09:54:09+00:00\",\"mainEntityOfPage\":{\"@id\":\"https:\/\/www.sanalala.es\/flora-intestinal-y-obesidad-infantil\/\"},\"wordCount\":778,\"commentCount\":0,\"publisher\":{\"@id\":\"https:\/\/www.sanalala.es\/#organization\"},\"image\":{\"@id\":\"https:\/\/www.sanalala.es\/flora-intestinal-y-obesidad-infantil\/#primaryimage\"},\"thumbnailUrl\":\"https:\/\/www.sanalala.es\/wp-content\/uploads\/cropped-baby-1.jpg\",\"keywords\":[\"Contenidos de salud\",\"Estudios de salud\",\"Flora intestinal\",\"IMC\",\"Lactancia materna\",\"Microbiota\",\"Obesidad\",\"Obesidad infantil\",\"Podcast\"],\"articleSection\":[\"NOTICIAS DE SALUD\",\"Radio Sanalal\u00e1\"],\"inLanguage\":\"en-GB\",\"potentialAction\":[{\"@type\":\"CommentAction\",\"name\":\"Comment\",\"target\":[\"https:\/\/www.sanalala.es\/flora-intestinal-y-obesidad-infantil\/#respond\"]}]},{\"@type\":\"WebPage\",\"@id\":\"https:\/\/www.sanalala.es\/flora-intestinal-y-obesidad-infantil\/\",\"url\":\"https:\/\/www.sanalala.es\/flora-intestinal-y-obesidad-infantil\/\",\"name\":\"Flora intestinal y obesidad infantil | Noticias de salud | Sanalal\u00e1\",\"isPartOf\":{\"@id\":\"https:\/\/www.sanalala.es\/#website\"},\"primaryImageOfPage\":{\"@id\":\"https:\/\/www.sanalala.es\/flora-intestinal-y-obesidad-infantil\/#primaryimage\"},\"image\":{\"@id\":\"https:\/\/www.sanalala.es\/flora-intestinal-y-obesidad-infantil\/#primaryimage\"},\"thumbnailUrl\":\"https:\/\/www.sanalala.es\/wp-content\/uploads\/cropped-baby-1.jpg\",\"datePublished\":\"2018-10-24T13:52:47+00:00\",\"dateModified\":\"2023-12-08T09:54:09+00:00\",\"description\":\"Un nuevo estudio se\u00f1ala una relaci\u00f3n entre la composici\u00f3n de la flora intestinal y la obesidad infantil, a su vez relacionada con la flora de la madre.\",\"breadcrumb\":{\"@id\":\"https:\/\/www.sanalala.es\/flora-intestinal-y-obesidad-infantil\/#breadcrumb\"},\"inLanguage\":\"en-GB\",\"potentialAction\":[{\"@type\":\"ReadAction\",\"target\":[\"https:\/\/www.sanalala.es\/flora-intestinal-y-obesidad-infantil\/\"]}]},{\"@type\":\"ImageObject\",\"inLanguage\":\"en-GB\",\"@id\":\"https:\/\/www.sanalala.es\/flora-intestinal-y-obesidad-infantil\/#primaryimage\",\"url\":\"https:\/\/www.sanalala.es\/wp-content\/uploads\/cropped-baby-1.jpg\",\"contentUrl\":\"https:\/\/www.sanalala.es\/wp-content\/uploads\/cropped-baby-1.jpg\",\"width\":1200,\"height\":675},{\"@type\":\"BreadcrumbList\",\"@id\":\"https:\/\/www.sanalala.es\/flora-intestinal-y-obesidad-infantil\/#breadcrumb\",\"itemListElement\":[{\"@type\":\"ListItem\",\"position\":1,\"name\":\"Contenidos de salud\",\"item\":\"https:\/\/www.sanalala.es\/\"},{\"@type\":\"ListItem\",\"position\":2,\"name\":\"NOTICIAS DE SALUD\",\"item\":\"https:\/\/www.sanalala.es\/category\/noticias-de-salud\/\"},{\"@type\":\"ListItem\",\"position\":3,\"name\":\"Flora intestinal y obesidad infantil\"}]},{\"@type\":\"WebSite\",\"@id\":\"https:\/\/www.sanalala.es\/#website\",\"url\":\"https:\/\/www.sanalala.es\/\",\"name\":\"Sanalal\u00e1\",\"description\":\"Contenidos con salud \",\"publisher\":{\"@id\":\"https:\/\/www.sanalala.es\/#organization\"},\"potentialAction\":[{\"@type\":\"SearchAction\",\"target\":{\"@type\":\"EntryPoint\",\"urlTemplate\":\"https:\/\/www.sanalala.es\/?s={search_term_string}\"},\"query-input\":{\"@type\":\"PropertyValueSpecification\",\"valueRequired\":true,\"valueName\":\"search_term_string\"}}],\"inLanguage\":\"en-GB\"},{\"@type\":\"Organization\",\"@id\":\"https:\/\/www.sanalala.es\/#organization\",\"name\":\"Sanalal\u00e1\",\"url\":\"https:\/\/www.sanalala.es\/\",\"logo\":{\"@type\":\"ImageObject\",\"inLanguage\":\"en-GB\",\"@id\":\"https:\/\/www.sanalala.es\/#\/schema\/logo\/image\/\",\"url\":\"https:\/\/www.sanalala.es\/wp-content\/uploads\/Logo-3D-doble.png\",\"contentUrl\":\"https:\/\/www.sanalala.es\/wp-content\/uploads\/Logo-3D-doble.png\",\"width\":1426,\"height\":750,\"caption\":\"Sanalal\u00e1\"},\"image\":{\"@id\":\"https:\/\/www.sanalala.es\/#\/schema\/logo\/image\/\"},\"sameAs\":[\"https:\/\/www.facebook.com\/Sanalal\u00e1-2099847243626808\/?modal=admin_todo_tour\",\"https:\/\/x.com\/Sanalala5\",\"https:\/\/www.pinterest.es\/sanalalasalud\/\"]},{\"@type\":\"Person\",\"@id\":\"https:\/\/www.sanalala.es\/#\/schema\/person\/c5e46766a962a4b4435ee8ff6afe3eb4\",\"name\":\"Sanalal\u00e1\",\"image\":{\"@type\":\"ImageObject\",\"inLanguage\":\"en-GB\",\"@id\":\"https:\/\/www.sanalala.es\/#\/schema\/person\/image\/\",\"url\":\"https:\/\/secure.gravatar.com\/avatar\/2f496540df802128a926d8f782de8d0f4eb1b56d82c72fe6b24da0aa01259676?s=96&d=mm&r=g\",\"contentUrl\":\"https:\/\/secure.gravatar.com\/avatar\/2f496540df802128a926d8f782de8d0f4eb1b56d82c72fe6b24da0aa01259676?s=96&d=mm&r=g\",\"caption\":\"Sanalal\u00e1\"},\"url\":\"https:\/\/www.sanalala.es\/en\/author\/admin\/\"}]}<\/script>\n<!-- \/ Yoast SEO plugin. -->","yoast_head_json":{"title":"Flora intestinal y obesidad infantil | Noticias de salud | Sanalal\u00e1","description":"Un nuevo estudio se\u00f1ala una relaci\u00f3n entre la composici\u00f3n de la flora intestinal y la obesidad infantil, a su vez relacionada con la flora de la madre.","robots":{"index":"index","follow":"follow","max-snippet":"max-snippet:-1","max-image-preview":"max-image-preview:large","max-video-preview":"max-video-preview:-1"},"canonical":"https:\/\/www.sanalala.es\/en\/flora-intestinal-y-obesidad-infantil\/","og_locale":"en_GB","og_type":"article","og_title":"Flora intestinal y obesidad infantil | Noticias de salud | Sanalal\u00e1","og_description":"Un nuevo estudio se\u00f1ala una relaci\u00f3n entre la composici\u00f3n de la flora intestinal y la obesidad infantil, a su vez relacionada con la flora de la madre.","og_url":"https:\/\/www.sanalala.es\/en\/flora-intestinal-y-obesidad-infantil\/","og_site_name":"Sanalal\u00e1","article_publisher":"https:\/\/www.facebook.com\/Sanalal%c3%a1-2099847243626808\/?modal=admin_todo_tour","article_published_time":"2018-10-24T13:52:47+00:00","article_modified_time":"2023-12-08T09:54:09+00:00","og_image":[{"width":1200,"height":675,"url":"https:\/\/www.sanalala.es\/wp-content\/uploads\/cropped-baby-1.jpg","type":"image\/jpeg"}],"author":"Sanalal\u00e1","twitter_card":"summary_large_image","twitter_creator":"@Sanalala5","twitter_site":"@Sanalala5","twitter_misc":{"Written by":"Sanalal\u00e1","Estimated reading time":"4 minutes"},"schema":{"@context":"https:\/\/schema.org","@graph":[{"@type":"Article","@id":"https:\/\/www.sanalala.es\/flora-intestinal-y-obesidad-infantil\/#article","isPartOf":{"@id":"https:\/\/www.sanalala.es\/flora-intestinal-y-obesidad-infantil\/"},"author":{"name":"Sanalal\u00e1","@id":"https:\/\/www.sanalala.es\/#\/schema\/person\/c5e46766a962a4b4435ee8ff6afe3eb4"},"headline":"Flora intestinal y obesidad infantil","datePublished":"2018-10-24T13:52:47+00:00","dateModified":"2023-12-08T09:54:09+00:00","mainEntityOfPage":{"@id":"https:\/\/www.sanalala.es\/flora-intestinal-y-obesidad-infantil\/"},"wordCount":778,"commentCount":0,"publisher":{"@id":"https:\/\/www.sanalala.es\/#organization"},"image":{"@id":"https:\/\/www.sanalala.es\/flora-intestinal-y-obesidad-infantil\/#primaryimage"},"thumbnailUrl":"https:\/\/www.sanalala.es\/wp-content\/uploads\/cropped-baby-1.jpg","keywords":["Contenidos de salud","Estudios de salud","Flora intestinal","IMC","Lactancia materna","Microbiota","Obesidad","Obesidad infantil","Podcast"],"articleSection":["NOTICIAS DE SALUD","Radio Sanalal\u00e1"],"inLanguage":"en-GB","potentialAction":[{"@type":"CommentAction","name":"Comment","target":["https:\/\/www.sanalala.es\/flora-intestinal-y-obesidad-infantil\/#respond"]}]},{"@type":"WebPage","@id":"https:\/\/www.sanalala.es\/flora-intestinal-y-obesidad-infantil\/","url":"https:\/\/www.sanalala.es\/flora-intestinal-y-obesidad-infantil\/","name":"Flora intestinal y obesidad infantil | Noticias de salud | Sanalal\u00e1","isPartOf":{"@id":"https:\/\/www.sanalala.es\/#website"},"primaryImageOfPage":{"@id":"https:\/\/www.sanalala.es\/flora-intestinal-y-obesidad-infantil\/#primaryimage"},"image":{"@id":"https:\/\/www.sanalala.es\/flora-intestinal-y-obesidad-infantil\/#primaryimage"},"thumbnailUrl":"https:\/\/www.sanalala.es\/wp-content\/uploads\/cropped-baby-1.jpg","datePublished":"2018-10-24T13:52:47+00:00","dateModified":"2023-12-08T09:54:09+00:00","description":"Un nuevo estudio se\u00f1ala una relaci\u00f3n entre la composici\u00f3n de la flora intestinal y la obesidad infantil, a su vez relacionada con la flora de la madre.","breadcrumb":{"@id":"https:\/\/www.sanalala.es\/flora-intestinal-y-obesidad-infantil\/#breadcrumb"},"inLanguage":"en-GB","potentialAction":[{"@type":"ReadAction","target":["https:\/\/www.sanalala.es\/flora-intestinal-y-obesidad-infantil\/"]}]},{"@type":"ImageObject","inLanguage":"en-GB","@id":"https:\/\/www.sanalala.es\/flora-intestinal-y-obesidad-infantil\/#primaryimage","url":"https:\/\/www.sanalala.es\/wp-content\/uploads\/cropped-baby-1.jpg","contentUrl":"https:\/\/www.sanalala.es\/wp-content\/uploads\/cropped-baby-1.jpg","width":1200,"height":675},{"@type":"BreadcrumbList","@id":"https:\/\/www.sanalala.es\/flora-intestinal-y-obesidad-infantil\/#breadcrumb","itemListElement":[{"@type":"ListItem","position":1,"name":"Contenidos de salud","item":"https:\/\/www.sanalala.es\/"},{"@type":"ListItem","position":2,"name":"NOTICIAS DE SALUD","item":"https:\/\/www.sanalala.es\/category\/noticias-de-salud\/"},{"@type":"ListItem","position":3,"name":"Flora intestinal y obesidad infantil"}]},{"@type":"WebSite","@id":"https:\/\/www.sanalala.es\/#website","url":"https:\/\/www.sanalala.es\/","name":"Sanalala","description":"Contenidos con salud","publisher":{"@id":"https:\/\/www.sanalala.es\/#organization"},"potentialAction":[{"@type":"SearchAction","target":{"@type":"EntryPoint","urlTemplate":"https:\/\/www.sanalala.es\/?s={search_term_string}"},"query-input":{"@type":"PropertyValueSpecification","valueRequired":true,"valueName":"search_term_string"}}],"inLanguage":"en-GB"},{"@type":"Organization","@id":"https:\/\/www.sanalala.es\/#organization","name":"Sanalala","url":"https:\/\/www.sanalala.es\/","logo":{"@type":"ImageObject","inLanguage":"en-GB","@id":"https:\/\/www.sanalala.es\/#\/schema\/logo\/image\/","url":"https:\/\/www.sanalala.es\/wp-content\/uploads\/Logo-3D-doble.png","contentUrl":"https:\/\/www.sanalala.es\/wp-content\/uploads\/Logo-3D-doble.png","width":1426,"height":750,"caption":"Sanalal\u00e1"},"image":{"@id":"https:\/\/www.sanalala.es\/#\/schema\/logo\/image\/"},"sameAs":["https:\/\/www.facebook.com\/Sanalal\u00e1-2099847243626808\/?modal=admin_todo_tour","https:\/\/x.com\/Sanalala5","https:\/\/www.pinterest.es\/sanalalasalud\/"]},{"@type":"Person","@id":"https:\/\/www.sanalala.es\/#\/schema\/person\/c5e46766a962a4b4435ee8ff6afe3eb4","name":"Sanalala","image":{"@type":"ImageObject","inLanguage":"en-GB","@id":"https:\/\/www.sanalala.es\/#\/schema\/person\/image\/","url":"https:\/\/secure.gravatar.com\/avatar\/2f496540df802128a926d8f782de8d0f4eb1b56d82c72fe6b24da0aa01259676?s=96&d=mm&r=g","contentUrl":"https:\/\/secure.gravatar.com\/avatar\/2f496540df802128a926d8f782de8d0f4eb1b56d82c72fe6b24da0aa01259676?s=96&d=mm&r=g","caption":"Sanalal\u00e1"},"url":"https:\/\/www.sanalala.es\/en\/author\/admin\/"}]}},"amp_enabled":true,"_links":{"self":[{"href":"https:\/\/www.sanalala.es\/en\/wp-json\/wp\/v2\/posts\/1546","targetHints":{"allow":["GET"]}}],"collection":[{"href":"https:\/\/www.sanalala.es\/en\/wp-json\/wp\/v2\/posts"}],"about":[{"href":"https:\/\/www.sanalala.es\/en\/wp-json\/wp\/v2\/types\/post"}],"author":[{"embeddable":true,"href":"https:\/\/www.sanalala.es\/en\/wp-json\/wp\/v2\/users\/1"}],"replies":[{"embeddable":true,"href":"https:\/\/www.sanalala.es\/en\/wp-json\/wp\/v2\/comments?post=1546"}],"version-history":[{"count":1,"href":"https:\/\/www.sanalala.es\/en\/wp-json\/wp\/v2\/posts\/1546\/revisions"}],"predecessor-version":[{"id":3801,"href":"https:\/\/www.sanalala.es\/en\/wp-json\/wp\/v2\/posts\/1546\/revisions\/3801"}],"wp:featuredmedia":[{"embeddable":true,"href":"https:\/\/www.sanalala.es\/en\/wp-json\/wp\/v2\/media\/3799"}],"wp:attachment":[{"href":"https:\/\/www.sanalala.es\/en\/wp-json\/wp\/v2\/media?parent=1546"}],"wp:term":[{"taxonomy":"category","embeddable":true,"href":"https:\/\/www.sanalala.es\/en\/wp-json\/wp\/v2\/categories?post=1546"},{"taxonomy":"post_tag","embeddable":true,"href":"https:\/\/www.sanalala.es\/en\/wp-json\/wp\/v2\/tags?post=1546"}],"curies":[{"name":"wp","href":"https:\/\/api.w.org\/{rel}","templated":true}]}}